{"id":2327,"date":"2022-09-12T09:27:56","date_gmt":"2022-09-12T09:27:56","guid":{"rendered":"https:\/\/menyaracing.hu\/menyhert-krozser-competes-for-the-first-time-in-the-fia-world-karting-championship\/"},"modified":"2022-09-12T09:27:56","modified_gmt":"2022-09-12T09:27:56","slug":"menyhert-krozser-competes-for-the-first-time-in-the-fia-world-karting-championship","status":"publish","type":"post","link":"https:\/\/menyaracing.hu\/en\/menyhert-krozser-competes-for-the-first-time-in-the-fia-world-karting-championship\/","title":{"rendered":"Menyh\u00e9rt Kr\u00f3zser competes for the first time in the FIA World Karting Championship"},"content":{"rendered":"<h6><strong>\ufe61 September 15-18, 2022, FIA World Karting Championship, Sarno (Italy)<span class=\"Apple-converted-space\"> <\/span><\/strong><\/h6>\n<p><strong>For the first time in his career, Menyh\u00e9rt Kr\u00f3zser will compete in the FIA World Karting Championship, in the most prestigious OK category, the predecessor of which was first declared world champion in 1964. The 14-year-old HUMDA Academy driver is looking forward to this year&#8217;s biggest event in very good form.<span class=\"Apple-converted-space\"> <\/span><\/strong><\/p>\n<p>This year&#8217;s biggest event in karting, the <a href=\"https:\/\/www.fiakarting.com\/event\/2022-sarno\/guide\" target=\"_blank\" rel=\"noopener\">FIA World Karting Championship<\/a> (OK and OKJ) will be held in Sarno, Italy, from 15-18 September. Unlike the FIA European Championship, which is a four-race series, the World Championship will be held over a single weekend.<span class=\"Apple-converted-space\"> <\/span><\/p>\n<p>The stakes are high as it is a very prestigious series. The world championship in the 100cc direct-drive category was first contested in 1964. In 2007, the engine was increased to 125cc and since 2016 it has been called OK, which stands for Original Kart, indicating that it is the category that dates back to the origins of kart racing.<span class=\"Apple-converted-space\"> <\/span><\/p>\n<figure id=\"attachment_901\" aria-describedby=\"caption-attachment-901\" style=\"width: 1500px\" class=\"wp-caption aligncenter\"><img fetchpriority=\"high\" decoding=\"async\" class=\"wp-image-901 size-full\" src=\"https:\/\/menyaracing.hu\/wp-content\/uploads\/2022\/09\/Menya_Sarno_UM5_7510-1-1500x1001-1.jpg\" alt=\"Menyh\u00e9rt Kr\u00f3zser\" width=\"1500\" height=\"1001\"><figcaption id=\"caption-attachment-901\" class=\"wp-caption-text\">Photo: MHH Kart Team \/\/ Menyh\u00e9rt Kr\u00f3zser<\/figcaption><\/figure>\n<p>Many of the world champions in the OK category have gone on to Formula 1. Among them Riccardo Patrese, Jan Magnussen, Jarno Trulli and Vitantonio Liuzzi. And in the current Formula 1 field, there are two drivers who won world titles in the predecessor of the OK category (then called KF1 or KF).<span class=\"Apple-converted-space\"> <\/span><\/p>\n<p>Nyck de Vries, who made a sensational debut for Williams in Monza last weekend, won the world title twice, in 2010 and 2011, while McLaren star Lando Norris won the world title in 2013.<span class=\"Apple-converted-space\"> <\/span><\/p>\n<p>Menyh\u00e9rt Kr\u00f3zser, who will be racing with the help of HUMDA, Hungarian Motorsport and Green Mobility Development Agency will have a big task this weekend. The OK field has 94 entrants, which is unsurprisingly a record for this year.<span class=\"Apple-converted-space\"> <\/span><\/p>\n<p>Menya has had a successful preparation, having tested in Sarno, the home of the World Championship, in July, and then competed for DPK Racing in an <a href=\"https:\/\/menyaracing.hu\/menyhert-krozser-in-explosive-form-ahead-of-the-world-championships\/\" target=\"_blank\" rel=\"noopener\">Italian championship race<\/a> there at the end of August.<span class=\"Apple-converted-space\"> <\/span><\/p>\n<figure id=\"attachment_1900\" aria-describedby=\"caption-attachment-1900\" style=\"width: 1001px\" class=\"wp-caption aligncenter\"><img decoding=\"async\" class=\"wp-image-899 size-full\" src=\"https:\/\/menyaracing.hu\/wp-content\/uploads\/2022\/09\/Menya_ACI_Sarno_Z9U_0671-masolat-1001x1500-1.jpg\" alt=\"Menyh\u00e9rt Kr\u00f3zser\" width=\"1001\" height=\"1500\" srcset=\"https:\/\/menyaracing.hu\/wp-content\/uploads\/2022\/09\/Menya_ACI_Sarno_Z9U_0671-masolat-1001x1500-1.jpg 1001w, https:\/\/menyaracing.hu\/wp-content\/uploads\/2022\/09\/Menya_ACI_Sarno_Z9U_0671-masolat-1001x1500-1-200x300.jpg 200w, https:\/\/menyaracing.hu\/wp-content\/uploads\/2022\/09\/Menya_ACI_Sarno_Z9U_0671-masolat-1001x1500-1-683x1024.jpg 683w, https:\/\/menyaracing.hu\/wp-content\/uploads\/2022\/09\/Menya_ACI_Sarno_Z9U_0671-masolat-1001x1500-1-768x1151.jpg 768w, https:\/\/menyaracing.hu\/wp-content\/uploads\/2022\/09\/Menya_ACI_Sarno_Z9U_0671-masolat-1001x1500-1-8x12.jpg 8w, https:\/\/menyaracing.hu\/wp-content\/uploads\/2022\/09\/Menya_ACI_Sarno_Z9U_0671-masolat-1001x1500-1-16x24.jpg 16w, https:\/\/menyaracing.hu\/wp-content\/uploads\/2022\/09\/Menya_ACI_Sarno_Z9U_0671-masolat-1001x1500-1-24x36.jpg 24w, https:\/\/menyaracing.hu\/wp-content\/uploads\/2022\/09\/Menya_ACI_Sarno_Z9U_0671-masolat-1001x1500-1-32x48.jpg 32w\" sizes=\"(max-width: 1001px) 100vw, 1001px\" \/><figcaption id=\"caption-attachment-1900\" class=\"wp-caption-text\">Photo: MHH Kart Team \/\/ Menyh\u00e9rt Kr\u00f3zser<\/figcaption><\/figure>\n<p>&#8220;I&#8217;m really looking forward to the world championship,&#8221; said Menyh\u00e9rt Kr\u00f3zser with characteristic calm. &#8220;Our preparation has been excellent. In the Italian championship race we had the pace right from the start and found the right set-up with DPK Racing.<span class=\"Apple-converted-space\"> <\/span><\/p>\n<p>For me, this is my first season in the OK, and there are several experienced competitors, but the reason why this race is called the FIA World Championship is that everyone who counts is here.<span class=\"Apple-converted-space\"> <\/span><\/p>\n<figure id=\"attachment_1904\" aria-describedby=\"caption-attachment-1904\" style=\"width: 1500px\" class=\"wp-caption aligncenter\"><img decoding=\"async\" class=\"wp-image-902 size-full\" src=\"https:\/\/menyaracing.hu\/wp-content\/uploads\/2022\/09\/Menya_Sarno_UM5_6490-1-1500x1001-1.jpg\" alt=\"Menyh\u00e9rt Kr\u00f3zser\" width=\"1500\" height=\"1001\"><figcaption id=\"caption-attachment-1904\" class=\"wp-caption-text\">Photo: MHH Kart Team \/\/ Menyh\u00e9rt Kr\u00f3zser<\/figcaption><\/figure>\n<p>I don&#8217;t want to put any extra pressure on myself, I&#8217;m treating this weekend like any other race I&#8217;ve ever done, so I&#8217;m going to do my best and fight for every single position.<span class=\"Apple-converted-space\"> <\/span><\/p>\n<p>I think it&#8217;s going to be a good race, it will be worth following.&#8221;<\/p>\n<h6><b>Partners of the MHH Kart Team<\/b><\/h6>\n<p>Met\u00e1l Hung\u00e1ria Holding Zrt, Carsystem Hung\u00e1ria Kft, HUMDA, HUMDA Academy, GR Motorsport<\/p>\n","protected":false},"excerpt":{"rendered":"<p>\ufe61 September 15-18, 2022, FIA World Karting Championship, Sarno (Italy) For the first time in his career, Menyh\u00e9rt Kr\u00f3zser will compete in the FIA World Karting Championship, in the most prestigious OK category, the predecessor of which was first declared world champion in 1964. The 14-year-old HUMDA Academy driver is looking forward to this year&#8217;s [&hellip;]<\/p>\n","protected":false},"author":4,"featured_media":1902,"comment_status":"open","ping_status":"closed","sticky":false,"template":"","format":"standard","meta":{"site-sidebar-layout":"default","site-content-layout":"default","ast-site-content-layout":"","site-content-style":"default","site-sidebar-style":"default","ast-global-header-display":"","ast-banner-title-visibility":"","ast-main-header-display":"","ast-hfb-above-header-display":"","ast-hfb-below-header-display":"","ast-hfb-mobile-header-display":"","site-post-title":"","ast-breadcrumbs-content":"","ast-featured-img":"","footer-sml-layout":"","theme-transparent-header-meta":"default","adv-header-id-meta":"","stick-header-meta":"","header-above-stick-meta":"","header-main-stick-meta":"","header-below-stick-meta":"","astra-migrate-meta-layouts":"default","ast-page-background-enabled":"default","ast-page-background-meta":{"desktop":{"background-color":"var(--ast-global-color-4)","background-image":"","background-repeat":"repeat","background-position":"center center","background-size":"auto","background-attachment":"scroll","background-type":"","background-media":"","overlay-type":"","overlay-color":"","overlay-gradient":""},"tablet":{"background-color":"","background-image":"","background-repeat":"repeat","background-position":"center center","background-size":"auto","background-attachment":"scroll","background-type":"","background-media":"","overlay-type":"","overlay-color":"","overlay-gradient":""},"mobile":{"background-color":"","background-image":"","background-repeat":"repeat","background-position":"center center","background-size":"auto","background-attachment":"scroll","background-type":"","background-media":"","overlay-type":"","overlay-color":"","overlay-gradient":""}},"ast-content-background-meta":{"desktop":{"background-color":"var(--ast-global-color-5)","background-image":"","background-repeat":"repeat","background-position":"center center","background-size":"auto","background-attachment":"scroll","background-type":"","background-media":"","overlay-type":"","overlay-color":"","overlay-gradient":""},"tablet":{"background-color":"var(--ast-global-color-5)","background-image":"","background-repeat":"repeat","background-position":"center center","background-size":"auto","background-attachment":"scroll","background-type":"","background-media":"","overlay-type":"","overlay-color":"","overlay-gradient":""},"mobile":{"background-color":"var(--ast-global-color-5)","background-image":"","background-repeat":"repeat","background-position":"center center","background-size":"auto","background-attachment":"scroll","background-type":"","background-media":"","overlay-type":"","overlay-color":"","overlay-gradient":""}},"footnotes":""},"categories":[100],"tags":[114,105,106,113,115,111,108,109,101,112],"class_list":["post-2327","post","type-post","status-publish","format-standard","has-post-thumbnail","hentry","category-news-en","tag-fia-karting-world-championship-en","tag-humda-en","tag-humda-academy-en","tag-kart-en","tag-karting-en","tag-krozser-menya-en","tag-menya-krozser-en","tag-menyhert-krozser-en","tag-mhh-kart-team-en","tag-sarno-en"],"yoast_head":"<!-- This site is optimized with the Yoast SEO plugin v22.0 - https:\/\/yoast.com\/wordpress\/plugins\/seo\/ -->\n<title>Menyh\u00e9rt Kr\u00f3zser competes for the first time in the FIA World Karting Championship - Kr\u00f3zser Menyh\u00e9rt<\/title>\n<meta name=\"robots\" content=\"index, follow, max-snippet:-1, max-image-preview:large, max-video-preview:-1\" \/>\n<link rel=\"canonical\" href=\"https:\/\/menyaracing.hu\/en\/menyhert-krozser-competes-for-the-first-time-in-the-fia-world-karting-championship\/\" \/>\n<meta property=\"og:locale\" content=\"en_US\" \/>\n<meta property=\"og:type\" content=\"article\" \/>\n<meta property=\"og:title\" content=\"Menyh\u00e9rt Kr\u00f3zser competes for the first time in the FIA World Karting Championship - Kr\u00f3zser Menyh\u00e9rt\" \/>\n<meta property=\"og:description\" content=\"\ufe61 September 15-18, 2022, FIA World Karting Championship, Sarno (Italy) For the first time in his career, Menyh\u00e9rt Kr\u00f3zser will compete in the FIA World Karting Championship, in the most prestigious OK category, the predecessor of which was first declared world champion in 1964. The 14-year-old HUMDA Academy driver is looking forward to this year&#8217;s [&hellip;]\" \/>\n<meta property=\"og:url\" content=\"https:\/\/menyaracing.hu\/en\/menyhert-krozser-competes-for-the-first-time-in-the-fia-world-karting-championship\/\" \/>\n<meta property=\"og:site_name\" content=\"Kr\u00f3zser Menyh\u00e9rt\" \/>\n<meta property=\"article:publisher\" content=\"https:\/\/www.facebook.com\/menyaracing\" \/>\n<meta property=\"article:published_time\" content=\"2022-09-12T09:27:56+00:00\" \/>\n<meta property=\"og:image\" content=\"https:\/\/menyaracing.hu\/wp-content\/uploads\/2022\/09\/Menya_Sarno_UM5_7510-1-1500x1001-1.jpg\" \/>\n<meta name=\"author\" content=\"Mih\u00e1lyi Csaba\" \/>\n<meta name=\"twitter:card\" content=\"summary_large_image\" \/>\n<meta name=\"twitter:label1\" content=\"Written by\" \/>\n\t<meta name=\"twitter:data1\" content=\"Mih\u00e1lyi Csaba\" \/>\n\t<meta name=\"twitter:label2\" content=\"Est. reading time\" \/>\n\t<meta name=\"twitter:data2\" content=\"3 minutes\" \/>\n<script type=\"application\/ld+json\" class=\"yoast-schema-graph\">{\"@context\":\"https:\/\/schema.org\",\"@graph\":[{\"@type\":\"Article\",\"@id\":\"https:\/\/menyaracing.hu\/en\/menyhert-krozser-competes-for-the-first-time-in-the-fia-world-karting-championship\/#article\",\"isPartOf\":{\"@id\":\"https:\/\/menyaracing.hu\/en\/menyhert-krozser-competes-for-the-first-time-in-the-fia-world-karting-championship\/\"},\"author\":{\"name\":\"Mih\u00e1lyi Csaba\",\"@id\":\"https:\/\/menyaracing.hu\/en\/#\/schema\/person\/7eff586660fd60ec53e28103587e784d\"},\"headline\":\"Menyh\u00e9rt Kr\u00f3zser competes for the first time in the FIA World Karting Championship\",\"datePublished\":\"2022-09-12T09:27:56+00:00\",\"dateModified\":\"2022-09-12T09:27:56+00:00\",\"mainEntityOfPage\":{\"@id\":\"https:\/\/menyaracing.hu\/en\/menyhert-krozser-competes-for-the-first-time-in-the-fia-world-karting-championship\/\"},\"wordCount\":531,\"commentCount\":0,\"publisher\":{\"@id\":\"https:\/\/menyaracing.hu\/en\/#organization\"},\"keywords\":[\"FIA Karting World Championship\",\"HUMDA\",\"HUMDA Academy\",\"kart\",\"Karting\",\"Kr\u00f3zser Menya\",\"Menya Kr\u00f3zser\",\"Menyh\u00e9rt Kr\u00f3zser\",\"MHH Kart Team\",\"Sarno\"],\"articleSection\":[\"News\"],\"inLanguage\":\"en-US\",\"potentialAction\":[{\"@type\":\"CommentAction\",\"name\":\"Comment\",\"target\":[\"https:\/\/menyaracing.hu\/en\/menyhert-krozser-competes-for-the-first-time-in-the-fia-world-karting-championship\/#respond\"]}]},{\"@type\":\"WebPage\",\"@id\":\"https:\/\/menyaracing.hu\/en\/menyhert-krozser-competes-for-the-first-time-in-the-fia-world-karting-championship\/\",\"url\":\"https:\/\/menyaracing.hu\/en\/menyhert-krozser-competes-for-the-first-time-in-the-fia-world-karting-championship\/\",\"name\":\"Menyh\u00e9rt Kr\u00f3zser competes for the first time in the FIA World Karting Championship - Kr\u00f3zser Menyh\u00e9rt\",\"isPartOf\":{\"@id\":\"https:\/\/menyaracing.hu\/en\/#website\"},\"datePublished\":\"2022-09-12T09:27:56+00:00\",\"dateModified\":\"2022-09-12T09:27:56+00:00\",\"breadcrumb\":{\"@id\":\"https:\/\/menyaracing.hu\/en\/menyhert-krozser-competes-for-the-first-time-in-the-fia-world-karting-championship\/#breadcrumb\"},\"inLanguage\":\"en-US\",\"potentialAction\":[{\"@type\":\"ReadAction\",\"target\":[\"https:\/\/menyaracing.hu\/en\/menyhert-krozser-competes-for-the-first-time-in-the-fia-world-karting-championship\/\"]}]},{\"@type\":\"BreadcrumbList\",\"@id\":\"https:\/\/menyaracing.hu\/en\/menyhert-krozser-competes-for-the-first-time-in-the-fia-world-karting-championship\/#breadcrumb\",\"itemListElement\":[{\"@type\":\"ListItem\",\"position\":1,\"name\":\"Kezd\u0151lap\",\"item\":\"https:\/\/menyaracing.hu\/en\/\"},{\"@type\":\"ListItem\",\"position\":2,\"name\":\"Menyh\u00e9rt Kr\u00f3zser competes for the first time in the FIA World Karting Championship\"}]},{\"@type\":\"WebSite\",\"@id\":\"https:\/\/menyaracing.hu\/en\/#website\",\"url\":\"https:\/\/menyaracing.hu\/en\/\",\"name\":\"Kr\u00f3zser Menyh\u00e9rt\",\"description\":\"Gokart versenyz\u0151\",\"publisher\":{\"@id\":\"https:\/\/menyaracing.hu\/en\/#organization\"},\"alternateName\":\"Menya\",\"potentialAction\":[{\"@type\":\"SearchAction\",\"target\":{\"@type\":\"EntryPoint\",\"urlTemplate\":\"https:\/\/menyaracing.hu\/en\/?s={search_term_string}\"},\"query-input\":\"required name=search_term_string\"}],\"inLanguage\":\"en-US\"},{\"@type\":\"Organization\",\"@id\":\"https:\/\/menyaracing.hu\/en\/#organization\",\"name\":\"Kr\u00f3zser Menyh\u00e9rt\",\"url\":\"https:\/\/menyaracing.hu\/en\/\",\"logo\":{\"@type\":\"ImageObject\",\"inLanguage\":\"en-US\",\"@id\":\"https:\/\/menyaracing.hu\/en\/#\/schema\/logo\/image\/\",\"url\":\"https:\/\/menyaracing.hu\/wp-content\/uploads\/2024\/02\/kmlogo-626x626.jpg\",\"contentUrl\":\"https:\/\/menyaracing.hu\/wp-content\/uploads\/2024\/02\/kmlogo-626x626.jpg\",\"width\":626,\"height\":626,\"caption\":\"Kr\u00f3zser Menyh\u00e9rt\"},\"image\":{\"@id\":\"https:\/\/menyaracing.hu\/en\/#\/schema\/logo\/image\/\"},\"sameAs\":[\"https:\/\/www.facebook.com\/menyaracing\"]},{\"@type\":\"Person\",\"@id\":\"https:\/\/menyaracing.hu\/en\/#\/schema\/person\/7eff586660fd60ec53e28103587e784d\",\"name\":\"Mih\u00e1lyi Csaba\",\"image\":{\"@type\":\"ImageObject\",\"inLanguage\":\"en-US\",\"@id\":\"https:\/\/menyaracing.hu\/en\/#\/schema\/person\/image\/\",\"url\":\"https:\/\/secure.gravatar.com\/avatar\/c215b92c0dd315d983d52bbef88a18db61f6720cf55b71732ecf13fb75aa0a13?s=96&d=mm&r=g\",\"contentUrl\":\"https:\/\/secure.gravatar.com\/avatar\/c215b92c0dd315d983d52bbef88a18db61f6720cf55b71732ecf13fb75aa0a13?s=96&d=mm&r=g\",\"caption\":\"Mih\u00e1lyi Csaba\"},\"url\":\"https:\/\/menyaracing.hu\/en\/author\/mihalyi-csaba-2\/\"}]}<\/script>\n<!-- \/ Yoast SEO plugin. -->","yoast_head_json":{"title":"Menyh\u00e9rt Kr\u00f3zser competes for the first time in the FIA World Karting Championship - Kr\u00f3zser Menyh\u00e9rt","robots":{"index":"index","follow":"follow","max-snippet":"max-snippet:-1","max-image-preview":"max-image-preview:large","max-video-preview":"max-video-preview:-1"},"canonical":"https:\/\/menyaracing.hu\/en\/menyhert-krozser-competes-for-the-first-time-in-the-fia-world-karting-championship\/","og_locale":"en_US","og_type":"article","og_title":"Menyh\u00e9rt Kr\u00f3zser competes for the first time in the FIA World Karting Championship - Kr\u00f3zser Menyh\u00e9rt","og_description":"\ufe61 September 15-18, 2022, FIA World Karting Championship, Sarno (Italy) For the first time in his career, Menyh\u00e9rt Kr\u00f3zser will compete in the FIA World Karting Championship, in the most prestigious OK category, the predecessor of which was first declared world champion in 1964. The 14-year-old HUMDA Academy driver is looking forward to this year&#8217;s [&hellip;]","og_url":"https:\/\/menyaracing.hu\/en\/menyhert-krozser-competes-for-the-first-time-in-the-fia-world-karting-championship\/","og_site_name":"Kr\u00f3zser Menyh\u00e9rt","article_publisher":"https:\/\/www.facebook.com\/menyaracing","article_published_time":"2022-09-12T09:27:56+00:00","og_image":[{"url":"https:\/\/menyaracing.hu\/wp-content\/uploads\/2022\/09\/Menya_Sarno_UM5_7510-1-1500x1001-1.jpg"}],"author":"Mih\u00e1lyi Csaba","twitter_card":"summary_large_image","twitter_misc":{"Written by":"Mih\u00e1lyi Csaba","Est. reading time":"3 minutes"},"schema":{"@context":"https:\/\/schema.org","@graph":[{"@type":"Article","@id":"https:\/\/menyaracing.hu\/en\/menyhert-krozser-competes-for-the-first-time-in-the-fia-world-karting-championship\/#article","isPartOf":{"@id":"https:\/\/menyaracing.hu\/en\/menyhert-krozser-competes-for-the-first-time-in-the-fia-world-karting-championship\/"},"author":{"name":"Mih\u00e1lyi Csaba","@id":"https:\/\/menyaracing.hu\/en\/#\/schema\/person\/7eff586660fd60ec53e28103587e784d"},"headline":"Menyh\u00e9rt Kr\u00f3zser competes for the first time in the FIA World Karting Championship","datePublished":"2022-09-12T09:27:56+00:00","dateModified":"2022-09-12T09:27:56+00:00","mainEntityOfPage":{"@id":"https:\/\/menyaracing.hu\/en\/menyhert-krozser-competes-for-the-first-time-in-the-fia-world-karting-championship\/"},"wordCount":531,"commentCount":0,"publisher":{"@id":"https:\/\/menyaracing.hu\/en\/#organization"},"keywords":["FIA Karting World Championship","HUMDA","HUMDA Academy","kart","Karting","Kr\u00f3zser Menya","Menya Kr\u00f3zser","Menyh\u00e9rt Kr\u00f3zser","MHH Kart Team","Sarno"],"articleSection":["News"],"inLanguage":"en-US","potentialAction":[{"@type":"CommentAction","name":"Comment","target":["https:\/\/menyaracing.hu\/en\/menyhert-krozser-competes-for-the-first-time-in-the-fia-world-karting-championship\/#respond"]}]},{"@type":"WebPage","@id":"https:\/\/menyaracing.hu\/en\/menyhert-krozser-competes-for-the-first-time-in-the-fia-world-karting-championship\/","url":"https:\/\/menyaracing.hu\/en\/menyhert-krozser-competes-for-the-first-time-in-the-fia-world-karting-championship\/","name":"Menyh\u00e9rt Kr\u00f3zser competes for the first time in the FIA World Karting Championship - Kr\u00f3zser Menyh\u00e9rt","isPartOf":{"@id":"https:\/\/menyaracing.hu\/en\/#website"},"datePublished":"2022-09-12T09:27:56+00:00","dateModified":"2022-09-12T09:27:56+00:00","breadcrumb":{"@id":"https:\/\/menyaracing.hu\/en\/menyhert-krozser-competes-for-the-first-time-in-the-fia-world-karting-championship\/#breadcrumb"},"inLanguage":"en-US","potentialAction":[{"@type":"ReadAction","target":["https:\/\/menyaracing.hu\/en\/menyhert-krozser-competes-for-the-first-time-in-the-fia-world-karting-championship\/"]}]},{"@type":"BreadcrumbList","@id":"https:\/\/menyaracing.hu\/en\/menyhert-krozser-competes-for-the-first-time-in-the-fia-world-karting-championship\/#breadcrumb","itemListElement":[{"@type":"ListItem","position":1,"name":"Kezd\u0151lap","item":"https:\/\/menyaracing.hu\/en\/"},{"@type":"ListItem","position":2,"name":"Menyh\u00e9rt Kr\u00f3zser competes for the first time in the FIA World Karting Championship"}]},{"@type":"WebSite","@id":"https:\/\/menyaracing.hu\/en\/#website","url":"https:\/\/menyaracing.hu\/en\/","name":"Kr\u00f3zser Menyh\u00e9rt","description":"Gokart versenyz\u0151","publisher":{"@id":"https:\/\/menyaracing.hu\/en\/#organization"},"alternateName":"Menya","potentialAction":[{"@type":"SearchAction","target":{"@type":"EntryPoint","urlTemplate":"https:\/\/menyaracing.hu\/en\/?s={search_term_string}"},"query-input":"required name=search_term_string"}],"inLanguage":"en-US"},{"@type":"Organization","@id":"https:\/\/menyaracing.hu\/en\/#organization","name":"Kr\u00f3zser Menyh\u00e9rt","url":"https:\/\/menyaracing.hu\/en\/","logo":{"@type":"ImageObject","inLanguage":"en-US","@id":"https:\/\/menyaracing.hu\/en\/#\/schema\/logo\/image\/","url":"https:\/\/menyaracing.hu\/wp-content\/uploads\/2024\/02\/kmlogo-626x626.jpg","contentUrl":"https:\/\/menyaracing.hu\/wp-content\/uploads\/2024\/02\/kmlogo-626x626.jpg","width":626,"height":626,"caption":"Kr\u00f3zser Menyh\u00e9rt"},"image":{"@id":"https:\/\/menyaracing.hu\/en\/#\/schema\/logo\/image\/"},"sameAs":["https:\/\/www.facebook.com\/menyaracing"]},{"@type":"Person","@id":"https:\/\/menyaracing.hu\/en\/#\/schema\/person\/7eff586660fd60ec53e28103587e784d","name":"Mih\u00e1lyi Csaba","image":{"@type":"ImageObject","inLanguage":"en-US","@id":"https:\/\/menyaracing.hu\/en\/#\/schema\/person\/image\/","url":"https:\/\/secure.gravatar.com\/avatar\/c215b92c0dd315d983d52bbef88a18db61f6720cf55b71732ecf13fb75aa0a13?s=96&d=mm&r=g","contentUrl":"https:\/\/secure.gravatar.com\/avatar\/c215b92c0dd315d983d52bbef88a18db61f6720cf55b71732ecf13fb75aa0a13?s=96&d=mm&r=g","caption":"Mih\u00e1lyi Csaba"},"url":"https:\/\/menyaracing.hu\/en\/author\/mihalyi-csaba-2\/"}]}},"_links":{"self":[{"href":"https:\/\/menyaracing.hu\/en\/wp-json\/wp\/v2\/posts\/2327","targetHints":{"allow":["GET"]}}],"collection":[{"href":"https:\/\/menyaracing.hu\/en\/wp-json\/wp\/v2\/posts"}],"about":[{"href":"https:\/\/menyaracing.hu\/en\/wp-json\/wp\/v2\/types\/post"}],"author":[{"embeddable":true,"href":"https:\/\/menyaracing.hu\/en\/wp-json\/wp\/v2\/users\/4"}],"replies":[{"embeddable":true,"href":"https:\/\/menyaracing.hu\/en\/wp-json\/wp\/v2\/comments?post=2327"}],"version-history":[{"count":0,"href":"https:\/\/menyaracing.hu\/en\/wp-json\/wp\/v2\/posts\/2327\/revisions"}],"wp:featuredmedia":[{"embeddable":true,"href":"https:\/\/menyaracing.hu\/en\/wp-json\/wp\/v2\/media\/1902"}],"wp:attachment":[{"href":"https:\/\/menyaracing.hu\/en\/wp-json\/wp\/v2\/media?parent=2327"}],"wp:term":[{"taxonomy":"category","embeddable":true,"href":"https:\/\/menyaracing.hu\/en\/wp-json\/wp\/v2\/categories?post=2327"},{"taxonomy":"post_tag","embeddable":true,"href":"https:\/\/menyaracing.hu\/en\/wp-json\/wp\/v2\/tags?post=2327"}],"curies":[{"name":"wp","href":"https:\/\/api.w.org\/{rel}","templated":true}]}}