{"id":2663,"date":"2024-06-26T17:18:55","date_gmt":"2024-06-26T17:18:55","guid":{"rendered":"https:\/\/menyaracing.hu\/?p=2663"},"modified":"2024-06-26T17:18:55","modified_gmt":"2024-06-26T17:18:55","slug":"menyhert-krozser-test-run-before-the-fia-european-championship","status":"publish","type":"post","link":"https:\/\/menyaracing.hu\/en\/menyhert-krozser-test-run-before-the-fia-european-championship\/","title":{"rendered":"Menyh\u00e9rt Kr\u00f3zser: Test run before the FIA European Championship"},"content":{"rendered":"<p><b>In two weeks, one of the most prestigious kart racing series, the FIA European Championship, will commence. Menyh\u00e9rt Kr\u00f3zser participated in a test race in the Italian Championship ahead of the first European race, showcasing his excellent problem-solving skills and speed.<\/b><\/p>\n<p>The KZ2 FIA Karting European Championship will kick off on the first weekend of July. This year\u2019s series consists of two races: the first in Aragon, Spain, and the second on the first weekend of September in Val Vibrata, Italy.<\/p>\n<p>Two weeks before the first European race, Menyh\u00e9rt Kr\u00f3zser took part in the ACI Italian Championship. The MHH Racing Team used this race as both a warm-up and an opportunity to test on the Italian track for the second European race this year.<\/p>\n<p>As this was a test race, the Italian team providing technical support experimented with a different chassis. They made several adjustments up until qualifying, but eventually realised that the chassis did not suit the Hungarian driver. After switching it out, Menyh\u00e9rt began to excel. In his first heat, for instance, he improved by seven positions.<\/p>\n<figure id=\"attachment_2653\" aria-describedby=\"caption-attachment-2653\" style=\"width: 1200px\" class=\"wp-caption alignnone\"><img fetchpriority=\"high\" decoding=\"async\" class=\"size-full wp-image-2653\" src=\"https:\/\/menyaracing.hu\/wp-content\/uploads\/2024\/06\/Krozser_Menyhert_20240623_ACI_Val_Vibrata__UM5_0773-1200x1500.jpg\" alt=\"\" width=\"1200\" height=\"1500\" \/><figcaption id=\"caption-attachment-2653\" class=\"wp-caption-text\">Fot\u00f3: MHH Kart Team \/\/ Kr\u00f3zser Menyh\u00e9rt<\/figcaption><\/figure>\n<p>In his third heat, the kingpin on the front axle broke, forcing him to retire from the race.<\/p>\n<p>This setback cost him three points, preventing him from reaching the final, but he gained valuable experience on the track. They now know which chassis suits him best and have confirmed that he is in top form.<\/p>\n<p>&#8220;Val Vibrata is a tough track with many hairpin turns and few overtaking points,&#8221; said Menyh\u00e9rt Kr\u00f3zser. &#8220;I raced here in Mini60, but it has completely changed since then, so this test race was necessary. Now I know its layout and tricks. There won\u2019t be any issues at the European race in September.<\/p>\n<figure id=\"attachment_2650\" aria-describedby=\"caption-attachment-2650\" style=\"width: 1500px\" class=\"wp-caption alignnone\"><img decoding=\"async\" class=\"size-full wp-image-2650\" src=\"https:\/\/menyaracing.hu\/wp-content\/uploads\/2024\/06\/Krozser_Menyhert_20240623_ACI_Val_Vibrata__UM5_0636-1500x1001.jpg\" alt=\"\" width=\"1500\" height=\"1001\" \/><figcaption id=\"caption-attachment-2650\" class=\"wp-caption-text\">Fot\u00f3: MHH Kart Team \/\/ Kr\u00f3zser Menyh\u00e9rt<\/figcaption><\/figure>\n<p>During the practices, we tried a different chassis on the team&#8217;s recommendation. Unfortunately, no matter how much we refined it, it didn\u2019t work for me. I only qualified 35th. We changed the chassis for the first heat, and I was flying. That was the highlight of the weekend. I overtook many and really enjoyed it.<\/p>\n<p>In the third heat, the left front kingpin of my kart broke, forcing me to retire.<\/p>\n<p>Overall, it was a good preparation race. In the heat without any setbacks, I raced in good form. Now we know which chassis to use for the European Championship, so I think we achieved what we came for. In two weeks, I aim to fight for European points in Aragon.&#8221;<\/p>\n<h3><b>The 2024 KZ2 FIA European Championship Races:<span class=\"Apple-converted-space\">\u00a0<\/span><\/b><\/h3>\n<ul>\n<li>July 4\u20137, Motorland Aragon, Spain<span class=\"Apple-converted-space\">\u00a0<\/span><\/li>\n<li>August 29\u2013September 1, Val Vibrata, Italy<\/li>\n<\/ul>\n<h3><b>Menyh\u00e9rt Kr\u00f3zser, MHH Racing Team, KZ2 <a href=\"https:\/\/youcrono.com\/Pagina\/5350\/2024CIKRnd3\" target=\"_blank\" rel=\"noopener\">Results<\/a><\/b><\/h3>\n<p>ACI Italian Championship \u2013 Val Vibrata (Italy), June 21\u201323, 2024<\/p>\n<ul>\n<li>Participants: 63<span class=\"Apple-converted-space\">\u00a0<\/span><\/li>\n<li>Qualifying Group: 18th<span class=\"Apple-converted-space\">\u00a0<\/span><\/li>\n<li>Qualifying: 35th<span class=\"Apple-converted-space\">\u00a0<\/span><\/li>\n<li>Heat BC: 10th<span class=\"Apple-converted-space\">\u00a0<\/span><\/li>\n<li>Heat AC: 18th<span class=\"Apple-converted-space\">\u00a0<\/span><\/li>\n<li>Heat CD: 30th (retired due to technical issue)<span class=\"Apple-converted-space\">\u00a0<\/span><\/li>\n<li>Penalty After Heats: 41st<\/li>\n<\/ul>\n<h3><b>MHH Racing Team Partners<span class=\"Apple-converted-space\">\u00a0<\/span><\/b><\/h3>\n<p>Met\u00e1l Hung\u00e1ria Holding Zrt., Carsystem Hung\u00e1ria Kft., BDP \u2013 Brilliant Driver Program<\/p>\n","protected":false},"excerpt":{"rendered":"<p>In two weeks, one of the most prestigious kart racing series, the FIA European Championship, will commence. Menyh\u00e9rt Kr\u00f3zser participated in a test race in the Italian Championship ahead of the first European race, showcasing his excellent problem-solving skills and speed. The KZ2 FIA Karting European Championship will kick off on the first weekend of [&hellip;]<\/p>\n","protected":false},"author":1,"featured_media":2656,"comment_status":"open","ping_status":"closed","sticky":false,"template":"","format":"standard","meta":{"site-sidebar-layout":"default","site-content-layout":"","ast-site-content-layout":"default","site-content-style":"default","site-sidebar-style":"default","ast-global-header-display":"","ast-banner-title-visibility":"","ast-main-header-display":"","ast-hfb-above-header-display":"","ast-hfb-below-header-display":"","ast-hfb-mobile-header-display":"","site-post-title":"","ast-breadcrumbs-content":"","ast-featured-img":"","footer-sml-layout":"","theme-transparent-header-meta":"default","adv-header-id-meta":"","stick-header-meta":"","header-above-stick-meta":"","header-main-stick-meta":"","header-below-stick-meta":"","astra-migrate-meta-layouts":"set","ast-page-background-enabled":"default","ast-page-background-meta":{"desktop":{"background-color":"var(--ast-global-color-4)","background-image":"","background-repeat":"repeat","background-position":"center center","background-size":"auto","background-attachment":"scroll","background-type":"","background-media":"","overlay-type":"","overlay-color":"","overlay-gradient":""},"tablet":{"background-color":"","background-image":"","background-repeat":"repeat","background-position":"center center","background-size":"auto","background-attachment":"scroll","background-type":"","background-media":"","overlay-type":"","overlay-color":"","overlay-gradient":""},"mobile":{"background-color":"","background-image":"","background-repeat":"repeat","background-position":"center center","background-size":"auto","background-attachment":"scroll","background-type":"","background-media":"","overlay-type":"","overlay-color":"","overlay-gradient":""}},"ast-content-background-meta":{"desktop":{"background-color":"var(--ast-global-color-5)","background-image":"","background-repeat":"repeat","background-position":"center center","background-size":"auto","background-attachment":"scroll","background-type":"","background-media":"","overlay-type":"","overlay-color":"","overlay-gradient":""},"tablet":{"background-color":"var(--ast-global-color-5)","background-image":"","background-repeat":"repeat","background-position":"center center","background-size":"auto","background-attachment":"scroll","background-type":"","background-media":"","overlay-type":"","overlay-color":"","overlay-gradient":""},"mobile":{"background-color":"var(--ast-global-color-5)","background-image":"","background-repeat":"repeat","background-position":"center center","background-size":"auto","background-attachment":"scroll","background-type":"","background-media":"","overlay-type":"","overlay-color":"","overlay-gradient":""}},"footnotes":""},"categories":[100],"tags":[154,122,113,124,108,109,148,155],"class_list":["post-2663","post","type-post","status-publish","format-standard","has-post-thumbnail","hentry","category-news-en","tag-aci-italian-championship","tag-brilliant-driver-program","tag-kart-en","tag-kz2-en","tag-menya-krozser-en","tag-menyhert-krozser-en","tag-mhh-racing-team-en","tag-val-vibrata-en"],"yoast_head":"<!-- This site is optimized with the Yoast SEO plugin v22.0 - https:\/\/yoast.com\/wordpress\/plugins\/seo\/ -->\n<title>Menyh\u00e9rt Kr\u00f3zser: Test run before the FIA European Championship - Kr\u00f3zser Menyh\u00e9rt<\/title>\n<meta name=\"description\" content=\"Menyh\u00e9rt Kr\u00f3zser participated in a test race in the Italian Championship ahead of the first European race, showcasing his excellent speed.\" \/>\n<meta name=\"robots\" content=\"index, follow, max-snippet:-1, max-image-preview:large, max-video-preview:-1\" \/>\n<link rel=\"canonical\" href=\"https:\/\/menyaracing.hu\/en\/menyhert-krozser-test-run-before-the-fia-european-championship\/\" \/>\n<meta property=\"og:locale\" content=\"en_US\" \/>\n<meta property=\"og:type\" content=\"article\" \/>\n<meta property=\"og:title\" content=\"Menyh\u00e9rt Kr\u00f3zser: Test run before the FIA European Championship - Kr\u00f3zser Menyh\u00e9rt\" \/>\n<meta property=\"og:description\" content=\"Menyh\u00e9rt Kr\u00f3zser participated in a test race in the Italian Championship ahead of the first European race, showcasing his excellent speed.\" \/>\n<meta property=\"og:url\" content=\"https:\/\/menyaracing.hu\/en\/menyhert-krozser-test-run-before-the-fia-european-championship\/\" \/>\n<meta property=\"og:site_name\" content=\"Kr\u00f3zser Menyh\u00e9rt\" \/>\n<meta property=\"article:publisher\" content=\"https:\/\/www.facebook.com\/menyaracing\" \/>\n<meta property=\"article:published_time\" content=\"2024-06-26T17:18:55+00:00\" \/>\n<meta property=\"og:image\" content=\"https:\/\/menyaracing.hu\/wp-content\/uploads\/2024\/06\/Krozser_Menyhert_20240623_ACI_Val_Vibrata__UM5_2670-1500x1000.jpg\" \/>\n\t<meta property=\"og:image:width\" content=\"1500\" \/>\n\t<meta property=\"og:image:height\" content=\"1000\" \/>\n\t<meta property=\"og:image:type\" content=\"image\/jpeg\" \/>\n<meta name=\"author\" content=\"tehgs\" \/>\n<meta name=\"twitter:card\" content=\"summary_large_image\" \/>\n<meta name=\"twitter:label1\" content=\"Written by\" \/>\n\t<meta name=\"twitter:data1\" content=\"tehgs\" \/>\n\t<meta name=\"twitter:label2\" content=\"Est. reading time\" \/>\n\t<meta name=\"twitter:data2\" content=\"4 minutes\" \/>\n<script type=\"application\/ld+json\" class=\"yoast-schema-graph\">{\"@context\":\"https:\/\/schema.org\",\"@graph\":[{\"@type\":\"Article\",\"@id\":\"https:\/\/menyaracing.hu\/en\/menyhert-krozser-test-run-before-the-fia-european-championship\/#article\",\"isPartOf\":{\"@id\":\"https:\/\/menyaracing.hu\/en\/menyhert-krozser-test-run-before-the-fia-european-championship\/\"},\"author\":{\"name\":\"tehgs\",\"@id\":\"https:\/\/menyaracing.hu\/en\/#\/schema\/person\/261c87cb2afa0f8fe2c9c29c8ae709aa\"},\"headline\":\"Menyh\u00e9rt Kr\u00f3zser: Test run before the FIA European Championship\",\"datePublished\":\"2024-06-26T17:18:55+00:00\",\"dateModified\":\"2024-06-26T17:18:55+00:00\",\"mainEntityOfPage\":{\"@id\":\"https:\/\/menyaracing.hu\/en\/menyhert-krozser-test-run-before-the-fia-european-championship\/\"},\"wordCount\":533,\"commentCount\":0,\"publisher\":{\"@id\":\"https:\/\/menyaracing.hu\/en\/#organization\"},\"keywords\":[\"ACI Italian Championship\",\"Brilliant Driver Program\",\"kart\",\"KZ2\",\"Menya Kr\u00f3zser\",\"Menyh\u00e9rt Kr\u00f3zser\",\"MHH Racing Team\",\"Val Vibrata\"],\"articleSection\":[\"News\"],\"inLanguage\":\"en-US\",\"potentialAction\":[{\"@type\":\"CommentAction\",\"name\":\"Comment\",\"target\":[\"https:\/\/menyaracing.hu\/en\/menyhert-krozser-test-run-before-the-fia-european-championship\/#respond\"]}]},{\"@type\":\"WebPage\",\"@id\":\"https:\/\/menyaracing.hu\/en\/menyhert-krozser-test-run-before-the-fia-european-championship\/\",\"url\":\"https:\/\/menyaracing.hu\/en\/menyhert-krozser-test-run-before-the-fia-european-championship\/\",\"name\":\"Menyh\u00e9rt Kr\u00f3zser: Test run before the FIA European Championship - Kr\u00f3zser Menyh\u00e9rt\",\"isPartOf\":{\"@id\":\"https:\/\/menyaracing.hu\/en\/#website\"},\"datePublished\":\"2024-06-26T17:18:55+00:00\",\"dateModified\":\"2024-06-26T17:18:55+00:00\",\"description\":\"Menyh\u00e9rt Kr\u00f3zser participated in a test race in the Italian Championship ahead of the first European race, showcasing his excellent speed.\",\"breadcrumb\":{\"@id\":\"https:\/\/menyaracing.hu\/en\/menyhert-krozser-test-run-before-the-fia-european-championship\/#breadcrumb\"},\"inLanguage\":\"en-US\",\"potentialAction\":[{\"@type\":\"ReadAction\",\"target\":[\"https:\/\/menyaracing.hu\/en\/menyhert-krozser-test-run-before-the-fia-european-championship\/\"]}]},{\"@type\":\"BreadcrumbList\",\"@id\":\"https:\/\/menyaracing.hu\/en\/menyhert-krozser-test-run-before-the-fia-european-championship\/#breadcrumb\",\"itemListElement\":[{\"@type\":\"ListItem\",\"position\":1,\"name\":\"Kezd\u0151lap\",\"item\":\"https:\/\/menyaracing.hu\/en\/\"},{\"@type\":\"ListItem\",\"position\":2,\"name\":\"Menyh\u00e9rt Kr\u00f3zser: Test run before the FIA European Championship\"}]},{\"@type\":\"WebSite\",\"@id\":\"https:\/\/menyaracing.hu\/en\/#website\",\"url\":\"https:\/\/menyaracing.hu\/en\/\",\"name\":\"Kr\u00f3zser Menyh\u00e9rt\",\"description\":\"Gokart versenyz\u0151\",\"publisher\":{\"@id\":\"https:\/\/menyaracing.hu\/en\/#organization\"},\"alternateName\":\"Menya\",\"potentialAction\":[{\"@type\":\"SearchAction\",\"target\":{\"@type\":\"EntryPoint\",\"urlTemplate\":\"https:\/\/menyaracing.hu\/en\/?s={search_term_string}\"},\"query-input\":\"required name=search_term_string\"}],\"inLanguage\":\"en-US\"},{\"@type\":\"Organization\",\"@id\":\"https:\/\/menyaracing.hu\/en\/#organization\",\"name\":\"Kr\u00f3zser Menyh\u00e9rt\",\"url\":\"https:\/\/menyaracing.hu\/en\/\",\"logo\":{\"@type\":\"ImageObject\",\"inLanguage\":\"en-US\",\"@id\":\"https:\/\/menyaracing.hu\/en\/#\/schema\/logo\/image\/\",\"url\":\"https:\/\/menyaracing.hu\/wp-content\/uploads\/2024\/02\/kmlogo-626x626.jpg\",\"contentUrl\":\"https:\/\/menyaracing.hu\/wp-content\/uploads\/2024\/02\/kmlogo-626x626.jpg\",\"width\":626,\"height\":626,\"caption\":\"Kr\u00f3zser Menyh\u00e9rt\"},\"image\":{\"@id\":\"https:\/\/menyaracing.hu\/en\/#\/schema\/logo\/image\/\"},\"sameAs\":[\"https:\/\/www.facebook.com\/menyaracing\"]},{\"@type\":\"Person\",\"@id\":\"https:\/\/menyaracing.hu\/en\/#\/schema\/person\/261c87cb2afa0f8fe2c9c29c8ae709aa\",\"name\":\"tehgs\",\"image\":{\"@type\":\"ImageObject\",\"inLanguage\":\"en-US\",\"@id\":\"https:\/\/menyaracing.hu\/en\/#\/schema\/person\/image\/\",\"url\":\"https:\/\/secure.gravatar.com\/avatar\/80986aac9c6fdc711cbdbce1cc3bb89aad481522efc893b307dc09b5f3d5e2ad?s=96&d=mm&r=g\",\"contentUrl\":\"https:\/\/secure.gravatar.com\/avatar\/80986aac9c6fdc711cbdbce1cc3bb89aad481522efc893b307dc09b5f3d5e2ad?s=96&d=mm&r=g\",\"caption\":\"tehgs\"},\"sameAs\":[\"https:\/\/menyaracing.hu\"],\"url\":\"https:\/\/menyaracing.hu\/en\/author\/tehgs\/\"}]}<\/script>\n<!-- \/ Yoast SEO plugin. -->","yoast_head_json":{"title":"Menyh\u00e9rt Kr\u00f3zser: Test run before the FIA European Championship - Kr\u00f3zser Menyh\u00e9rt","description":"Menyh\u00e9rt Kr\u00f3zser participated in a test race in the Italian Championship ahead of the first European race, showcasing his excellent speed.","robots":{"index":"index","follow":"follow","max-snippet":"max-snippet:-1","max-image-preview":"max-image-preview:large","max-video-preview":"max-video-preview:-1"},"canonical":"https:\/\/menyaracing.hu\/en\/menyhert-krozser-test-run-before-the-fia-european-championship\/","og_locale":"en_US","og_type":"article","og_title":"Menyh\u00e9rt Kr\u00f3zser: Test run before the FIA European Championship - Kr\u00f3zser Menyh\u00e9rt","og_description":"Menyh\u00e9rt Kr\u00f3zser participated in a test race in the Italian Championship ahead of the first European race, showcasing his excellent speed.","og_url":"https:\/\/menyaracing.hu\/en\/menyhert-krozser-test-run-before-the-fia-european-championship\/","og_site_name":"Kr\u00f3zser Menyh\u00e9rt","article_publisher":"https:\/\/www.facebook.com\/menyaracing","article_published_time":"2024-06-26T17:18:55+00:00","og_image":[{"width":1500,"height":1000,"url":"https:\/\/menyaracing.hu\/wp-content\/uploads\/2024\/06\/Krozser_Menyhert_20240623_ACI_Val_Vibrata__UM5_2670-1500x1000.jpg","type":"image\/jpeg"}],"author":"tehgs","twitter_card":"summary_large_image","twitter_misc":{"Written by":"tehgs","Est. reading time":"4 minutes"},"schema":{"@context":"https:\/\/schema.org","@graph":[{"@type":"Article","@id":"https:\/\/menyaracing.hu\/en\/menyhert-krozser-test-run-before-the-fia-european-championship\/#article","isPartOf":{"@id":"https:\/\/menyaracing.hu\/en\/menyhert-krozser-test-run-before-the-fia-european-championship\/"},"author":{"name":"tehgs","@id":"https:\/\/menyaracing.hu\/en\/#\/schema\/person\/261c87cb2afa0f8fe2c9c29c8ae709aa"},"headline":"Menyh\u00e9rt Kr\u00f3zser: Test run before the FIA European Championship","datePublished":"2024-06-26T17:18:55+00:00","dateModified":"2024-06-26T17:18:55+00:00","mainEntityOfPage":{"@id":"https:\/\/menyaracing.hu\/en\/menyhert-krozser-test-run-before-the-fia-european-championship\/"},"wordCount":533,"commentCount":0,"publisher":{"@id":"https:\/\/menyaracing.hu\/en\/#organization"},"keywords":["ACI Italian Championship","Brilliant Driver Program","kart","KZ2","Menya Kr\u00f3zser","Menyh\u00e9rt Kr\u00f3zser","MHH Racing Team","Val Vibrata"],"articleSection":["News"],"inLanguage":"en-US","potentialAction":[{"@type":"CommentAction","name":"Comment","target":["https:\/\/menyaracing.hu\/en\/menyhert-krozser-test-run-before-the-fia-european-championship\/#respond"]}]},{"@type":"WebPage","@id":"https:\/\/menyaracing.hu\/en\/menyhert-krozser-test-run-before-the-fia-european-championship\/","url":"https:\/\/menyaracing.hu\/en\/menyhert-krozser-test-run-before-the-fia-european-championship\/","name":"Menyh\u00e9rt Kr\u00f3zser: Test run before the FIA European Championship - Kr\u00f3zser Menyh\u00e9rt","isPartOf":{"@id":"https:\/\/menyaracing.hu\/en\/#website"},"datePublished":"2024-06-26T17:18:55+00:00","dateModified":"2024-06-26T17:18:55+00:00","description":"Menyh\u00e9rt Kr\u00f3zser participated in a test race in the Italian Championship ahead of the first European race, showcasing his excellent speed.","breadcrumb":{"@id":"https:\/\/menyaracing.hu\/en\/menyhert-krozser-test-run-before-the-fia-european-championship\/#breadcrumb"},"inLanguage":"en-US","potentialAction":[{"@type":"ReadAction","target":["https:\/\/menyaracing.hu\/en\/menyhert-krozser-test-run-before-the-fia-european-championship\/"]}]},{"@type":"BreadcrumbList","@id":"https:\/\/menyaracing.hu\/en\/menyhert-krozser-test-run-before-the-fia-european-championship\/#breadcrumb","itemListElement":[{"@type":"ListItem","position":1,"name":"Kezd\u0151lap","item":"https:\/\/menyaracing.hu\/en\/"},{"@type":"ListItem","position":2,"name":"Menyh\u00e9rt Kr\u00f3zser: Test run before the FIA European Championship"}]},{"@type":"WebSite","@id":"https:\/\/menyaracing.hu\/en\/#website","url":"https:\/\/menyaracing.hu\/en\/","name":"Kr\u00f3zser Menyh\u00e9rt","description":"Gokart versenyz\u0151","publisher":{"@id":"https:\/\/menyaracing.hu\/en\/#organization"},"alternateName":"Menya","potentialAction":[{"@type":"SearchAction","target":{"@type":"EntryPoint","urlTemplate":"https:\/\/menyaracing.hu\/en\/?s={search_term_string}"},"query-input":"required name=search_term_string"}],"inLanguage":"en-US"},{"@type":"Organization","@id":"https:\/\/menyaracing.hu\/en\/#organization","name":"Kr\u00f3zser Menyh\u00e9rt","url":"https:\/\/menyaracing.hu\/en\/","logo":{"@type":"ImageObject","inLanguage":"en-US","@id":"https:\/\/menyaracing.hu\/en\/#\/schema\/logo\/image\/","url":"https:\/\/menyaracing.hu\/wp-content\/uploads\/2024\/02\/kmlogo-626x626.jpg","contentUrl":"https:\/\/menyaracing.hu\/wp-content\/uploads\/2024\/02\/kmlogo-626x626.jpg","width":626,"height":626,"caption":"Kr\u00f3zser Menyh\u00e9rt"},"image":{"@id":"https:\/\/menyaracing.hu\/en\/#\/schema\/logo\/image\/"},"sameAs":["https:\/\/www.facebook.com\/menyaracing"]},{"@type":"Person","@id":"https:\/\/menyaracing.hu\/en\/#\/schema\/person\/261c87cb2afa0f8fe2c9c29c8ae709aa","name":"tehgs","image":{"@type":"ImageObject","inLanguage":"en-US","@id":"https:\/\/menyaracing.hu\/en\/#\/schema\/person\/image\/","url":"https:\/\/secure.gravatar.com\/avatar\/80986aac9c6fdc711cbdbce1cc3bb89aad481522efc893b307dc09b5f3d5e2ad?s=96&d=mm&r=g","contentUrl":"https:\/\/secure.gravatar.com\/avatar\/80986aac9c6fdc711cbdbce1cc3bb89aad481522efc893b307dc09b5f3d5e2ad?s=96&d=mm&r=g","caption":"tehgs"},"sameAs":["https:\/\/menyaracing.hu"],"url":"https:\/\/menyaracing.hu\/en\/author\/tehgs\/"}]}},"_links":{"self":[{"href":"https:\/\/menyaracing.hu\/en\/wp-json\/wp\/v2\/posts\/2663","targetHints":{"allow":["GET"]}}],"collection":[{"href":"https:\/\/menyaracing.hu\/en\/wp-json\/wp\/v2\/posts"}],"about":[{"href":"https:\/\/menyaracing.hu\/en\/wp-json\/wp\/v2\/types\/post"}],"author":[{"embeddable":true,"href":"https:\/\/menyaracing.hu\/en\/wp-json\/wp\/v2\/users\/1"}],"replies":[{"embeddable":true,"href":"https:\/\/menyaracing.hu\/en\/wp-json\/wp\/v2\/comments?post=2663"}],"version-history":[{"count":1,"href":"https:\/\/menyaracing.hu\/en\/wp-json\/wp\/v2\/posts\/2663\/revisions"}],"predecessor-version":[{"id":2664,"href":"https:\/\/menyaracing.hu\/en\/wp-json\/wp\/v2\/posts\/2663\/revisions\/2664"}],"wp:featuredmedia":[{"embeddable":true,"href":"https:\/\/menyaracing.hu\/en\/wp-json\/wp\/v2\/media\/2656"}],"wp:attachment":[{"href":"https:\/\/menyaracing.hu\/en\/wp-json\/wp\/v2\/media?parent=2663"}],"wp:term":[{"taxonomy":"category","embeddable":true,"href":"https:\/\/menyaracing.hu\/en\/wp-json\/wp\/v2\/categories?post=2663"},{"taxonomy":"post_tag","embeddable":true,"href":"https:\/\/menyaracing.hu\/en\/wp-json\/wp\/v2\/tags?post=2663"}],"curies":[{"name":"wp","href":"https:\/\/api.w.org\/{rel}","templated":true}]}}