{"id":2818,"date":"2025-05-23T03:08:57","date_gmt":"2025-05-23T03:08:57","guid":{"rendered":"https:\/\/menyaracing.hu\/?p=2818"},"modified":"2025-05-23T03:08:57","modified_gmt":"2025-05-23T03:08:57","slug":"menyhert-krozser-shows-pace-in-european-championship-final","status":"publish","type":"post","link":"https:\/\/menyaracing.hu\/en\/menyhert-krozser-shows-pace-in-european-championship-final\/","title":{"rendered":"Menyh\u00e9rt Kr\u00f3zser shows pace in European Championship final"},"content":{"rendered":"<p>Menyh\u00e9rt Kr\u00f3zser matched the pace of the KZ2 frontrunners in the opening round of the FIA Karting European Championship. Although a broken chain forced him to retire from the final, the MHH Racing Team driver still demonstrated his talent.<\/p>\n<p>The 2025 edition of the FIA Karting European Championship in KZ2 kicked off in May. The opening round of the three-event series was held in Valencia, Spain. As per tradition, a preparatory race\u2014the Champions of the Future Euro Series\u2014is held one week prior at the same circuit.<\/p>\n<p>Unfortunately, Menyh\u00e9rt Kr\u00f3zser was hampered by a poor batch of Dunlop tyres in both events. During the Champions of the Future round on the first weekend of May, this issue prevented him from qualifying for the final.<\/p>\n<p><img fetchpriority=\"high\" decoding=\"async\" class=\"alignnone size-full wp-image-2811\" src=\"https:\/\/menyaracing.hu\/wp-content\/uploads\/2025\/05\/R3MP1888-1024x1280.jpg\" alt=\"Kr\u00f3zser Menyh\u00e9rt, MHH Racing Team, FIA gokart Eur\u00f3pa-bajnoks\u00e1g, Valencia 2025. \" width=\"1024\" height=\"1280\" \/><\/p>\n<p>A week later at the European Championship, he managed to make the most of a difficult situation. Among 62 entrants, he improved his position in all three Qualifying Heats following the Qualifying Practice, and made a strong advance in the Super Heat securing a spot in the Final from 20th place.<\/p>\n<p>All drivers were given four new tyres for the Final, and this time Menya received a better set. He had an excellent start, but became entangled in a collision and ran off track. Nevertheless, he managed to recover and began making up positions rapidly. However, with just four laps remaining, the chain on his kart snapped, forcing him to retire.<\/p>\n<p>&#8220;This weekend was a real rollercoaster,&#8221; said Menyh\u00e9rt Kr\u00f3zser. &#8220;Unfortunately, the quality of the Dunlop tyres is very inconsistent, but it seems the FIA is looking to address this under pressure from the teams. I wasn\u2019t the only one affected\u2014many drivers struggled with the tyres.<\/p>\n<p><img decoding=\"async\" class=\"alignnone size-full wp-image-2814\" src=\"https:\/\/menyaracing.hu\/wp-content\/uploads\/2025\/05\/R3MP1406-1024x1280.jpg\" alt=\"Kr\u00f3zser Menyh\u00e9rt, MHH Racing Team, FIA gokart Eur\u00f3pa-bajnoks\u00e1g, Valencia 2025. \" width=\"1024\" height=\"1280\" \/><\/p>\n<p>There\u2019s nothing you can do in such a situation; you just have to accept it and get the best out of it. I managed to improve my position in every heat, and after the Super Heat I was up to 20th. In KZ2, the top 20 is incredibly competitive\u2014anyone can win here.<\/p>\n<p>For the Final, I finally had a very good set of tyres, and it was a totally different experience running on them. I got caught up in a collision at the start but managed to fight back and made up several positions. It was a great experience racing on tyres with proper grip, which allowed me to run at the same pace as the front-runners.<\/p>\n<p>Four laps before the end, my chain broke and I had to retire. But looking at the positives: I showed in the Final that under equal conditions, I belong with the leaders. I hope in the next round in Sarno, we\u2019ll get more consistent tyres and I can turn this pace into results.&#8221;<\/p>\n<h5><b>Menyh\u00e9rt Kr\u00f3zser \u2013 MHH Racing Team \u2013 KZ2 <a href=\"https:\/\/www.fiakarting.com\/event\/2025-valencia\/KZ2\/results?session=kz2_results41\">Results<\/a><\/b><\/h5>\n<p>FIA Karting European Championship Round 1 \u2013 KZ2 \u2013 Valencia (Spain), 15\u201318 May 2025<\/p>\n<p>Participants: 62<br \/>\nQualifying Practice Series: 13th<br \/>\nQualifying Practice: 39th<br \/>\nQualifying Heat B-C: 17th<br \/>\nQualifying Heat C-D: 13th<br \/>\nQualifying Heat A-C: 11th<br \/>\nIntermediate classification: 27th<br \/>\nSuper Heat A: 10th<br \/>\nFinal intermediate classification: 20th<br \/>\nFinal: DNF (mechanical issue)<\/p>\n<h5><b>MHH Racing Team Partners<\/b><\/h5>\n<p>Met\u00e1l Hung\u00e1ria Holding Zrt., Carsystem Hung\u00e1ria Kft., Szatm\u00e1ri Kft., BDP \u2013 Brilliant Driver Program<\/p>\n","protected":false},"excerpt":{"rendered":"<p>Menyh\u00e9rt Kr\u00f3zser matched the pace of the KZ2 frontrunners in the opening round of the FIA Karting European Championship. Although a broken chain forced him to retire from the final, the MHH Racing Team driver still demonstrated his talent. The 2025 edition of the FIA Karting European Championship in KZ2 kicked off in May. The [&hellip;]<\/p>\n","protected":false},"author":1,"featured_media":2808,"comment_status":"open","ping_status":"closed","sticky":false,"template":"","format":"standard","meta":{"site-sidebar-layout":"default","site-content-layout":"","ast-site-content-layout":"default","site-content-style":"default","site-sidebar-style":"default","ast-global-header-display":"","ast-banner-title-visibility":"","ast-main-header-display":"","ast-hfb-above-header-display":"","ast-hfb-below-header-display":"","ast-hfb-mobile-header-display":"","site-post-title":"","ast-breadcrumbs-content":"","ast-featured-img":"","footer-sml-layout":"","theme-transparent-header-meta":"default","adv-header-id-meta":"","stick-header-meta":"","header-above-stick-meta":"","header-main-stick-meta":"","header-below-stick-meta":"","astra-migrate-meta-layouts":"set","ast-page-background-enabled":"default","ast-page-background-meta":{"desktop":{"background-color":"var(--ast-global-color-4)","background-image":"","background-repeat":"repeat","background-position":"center center","background-size":"auto","background-attachment":"scroll","background-type":"","background-media":"","overlay-type":"","overlay-color":"","overlay-gradient":""},"tablet":{"background-color":"","background-image":"","background-repeat":"repeat","background-position":"center center","background-size":"auto","background-attachment":"scroll","background-type":"","background-media":"","overlay-type":"","overlay-color":"","overlay-gradient":""},"mobile":{"background-color":"","background-image":"","background-repeat":"repeat","background-position":"center center","background-size":"auto","background-attachment":"scroll","background-type":"","background-media":"","overlay-type":"","overlay-color":"","overlay-gradient":""}},"ast-content-background-meta":{"desktop":{"background-color":"var(--ast-global-color-5)","background-image":"","background-repeat":"repeat","background-position":"center center","background-size":"auto","background-attachment":"scroll","background-type":"","background-media":"","overlay-type":"","overlay-color":"","overlay-gradient":""},"tablet":{"background-color":"var(--ast-global-color-5)","background-image":"","background-repeat":"repeat","background-position":"center center","background-size":"auto","background-attachment":"scroll","background-type":"","background-media":"","overlay-type":"","overlay-color":"","overlay-gradient":""},"mobile":{"background-color":"var(--ast-global-color-5)","background-image":"","background-repeat":"repeat","background-position":"center center","background-size":"auto","background-attachment":"scroll","background-type":"","background-media":"","overlay-type":"","overlay-color":"","overlay-gradient":""}},"footnotes":""},"categories":[100],"tags":[114,124,109,148,164],"class_list":["post-2818","post","type-post","status-publish","format-standard","has-post-thumbnail","hentry","category-news-en","tag-fia-karting-world-championship-en","tag-kz2-en","tag-menyhert-krozser-en","tag-mhh-racing-team-en","tag-valencia-en"],"yoast_head":"<!-- This site is optimized with the Yoast SEO plugin v22.0 - https:\/\/yoast.com\/wordpress\/plugins\/seo\/ -->\n<title>Menyh\u00e9rt Kr\u00f3zser shows pace in European Championship final<\/title>\n<meta name=\"description\" content=\"Menyh\u00e9rt Kr\u00f3zser matched the pace of the KZ2 frontrunners in the opening round of the FIA Karting European Championship.\" \/>\n<meta name=\"robots\" content=\"index, follow, max-snippet:-1, max-image-preview:large, max-video-preview:-1\" \/>\n<link rel=\"canonical\" href=\"https:\/\/menyaracing.hu\/en\/menyhert-krozser-shows-pace-in-european-championship-final\/\" \/>\n<meta property=\"og:locale\" content=\"en_US\" \/>\n<meta property=\"og:type\" content=\"article\" \/>\n<meta property=\"og:title\" content=\"Menyh\u00e9rt Kr\u00f3zser shows pace in European Championship final\" \/>\n<meta property=\"og:description\" content=\"Menyh\u00e9rt Kr\u00f3zser matched the pace of the KZ2 frontrunners in the opening round of the FIA Karting European Championship.\" \/>\n<meta property=\"og:url\" content=\"https:\/\/menyaracing.hu\/en\/menyhert-krozser-shows-pace-in-european-championship-final\/\" \/>\n<meta property=\"og:site_name\" content=\"Kr\u00f3zser Menyh\u00e9rt\" \/>\n<meta property=\"article:publisher\" content=\"https:\/\/www.facebook.com\/menyaracing\" \/>\n<meta property=\"article:published_time\" content=\"2025-05-23T03:08:57+00:00\" \/>\n<meta property=\"og:image\" content=\"https:\/\/menyaracing.hu\/wp-content\/uploads\/2025\/05\/R3MP4128-masolat-1019x655.jpg\" \/>\n\t<meta property=\"og:image:width\" content=\"1019\" \/>\n\t<meta property=\"og:image:height\" content=\"655\" \/>\n\t<meta property=\"og:image:type\" content=\"image\/jpeg\" \/>\n<meta name=\"author\" content=\"tehgs\" \/>\n<meta name=\"twitter:card\" content=\"summary_large_image\" \/>\n<meta name=\"twitter:label1\" content=\"Written by\" \/>\n\t<meta name=\"twitter:data1\" content=\"tehgs\" \/>\n\t<meta name=\"twitter:label2\" content=\"Est. reading time\" \/>\n\t<meta name=\"twitter:data2\" content=\"4 minutes\" \/>\n<script type=\"application\/ld+json\" class=\"yoast-schema-graph\">{\"@context\":\"https:\/\/schema.org\",\"@graph\":[{\"@type\":\"Article\",\"@id\":\"https:\/\/menyaracing.hu\/en\/menyhert-krozser-shows-pace-in-european-championship-final\/#article\",\"isPartOf\":{\"@id\":\"https:\/\/menyaracing.hu\/en\/menyhert-krozser-shows-pace-in-european-championship-final\/\"},\"author\":{\"name\":\"tehgs\",\"@id\":\"https:\/\/menyaracing.hu\/en\/#\/schema\/person\/261c87cb2afa0f8fe2c9c29c8ae709aa\"},\"headline\":\"Menyh\u00e9rt Kr\u00f3zser shows pace in European Championship final\",\"datePublished\":\"2025-05-23T03:08:57+00:00\",\"dateModified\":\"2025-05-23T03:08:57+00:00\",\"mainEntityOfPage\":{\"@id\":\"https:\/\/menyaracing.hu\/en\/menyhert-krozser-shows-pace-in-european-championship-final\/\"},\"wordCount\":543,\"commentCount\":0,\"publisher\":{\"@id\":\"https:\/\/menyaracing.hu\/en\/#organization\"},\"keywords\":[\"FIA Karting World Championship\",\"KZ2\",\"Menyh\u00e9rt Kr\u00f3zser\",\"MHH Racing Team\",\"Valencia\"],\"articleSection\":[\"News\"],\"inLanguage\":\"en-US\",\"potentialAction\":[{\"@type\":\"CommentAction\",\"name\":\"Comment\",\"target\":[\"https:\/\/menyaracing.hu\/en\/menyhert-krozser-shows-pace-in-european-championship-final\/#respond\"]}]},{\"@type\":\"WebPage\",\"@id\":\"https:\/\/menyaracing.hu\/en\/menyhert-krozser-shows-pace-in-european-championship-final\/\",\"url\":\"https:\/\/menyaracing.hu\/en\/menyhert-krozser-shows-pace-in-european-championship-final\/\",\"name\":\"Menyh\u00e9rt Kr\u00f3zser shows pace in European Championship final\",\"isPartOf\":{\"@id\":\"https:\/\/menyaracing.hu\/en\/#website\"},\"datePublished\":\"2025-05-23T03:08:57+00:00\",\"dateModified\":\"2025-05-23T03:08:57+00:00\",\"description\":\"Menyh\u00e9rt Kr\u00f3zser matched the pace of the KZ2 frontrunners in the opening round of the FIA Karting European Championship.\",\"breadcrumb\":{\"@id\":\"https:\/\/menyaracing.hu\/en\/menyhert-krozser-shows-pace-in-european-championship-final\/#breadcrumb\"},\"inLanguage\":\"en-US\",\"potentialAction\":[{\"@type\":\"ReadAction\",\"target\":[\"https:\/\/menyaracing.hu\/en\/menyhert-krozser-shows-pace-in-european-championship-final\/\"]}]},{\"@type\":\"BreadcrumbList\",\"@id\":\"https:\/\/menyaracing.hu\/en\/menyhert-krozser-shows-pace-in-european-championship-final\/#breadcrumb\",\"itemListElement\":[{\"@type\":\"ListItem\",\"position\":1,\"name\":\"Kezd\u0151lap\",\"item\":\"https:\/\/menyaracing.hu\/en\/\"},{\"@type\":\"ListItem\",\"position\":2,\"name\":\"Menyh\u00e9rt Kr\u00f3zser shows pace in European Championship final\"}]},{\"@type\":\"WebSite\",\"@id\":\"https:\/\/menyaracing.hu\/en\/#website\",\"url\":\"https:\/\/menyaracing.hu\/en\/\",\"name\":\"Kr\u00f3zser Menyh\u00e9rt\",\"description\":\"Gokart versenyz\u0151\",\"publisher\":{\"@id\":\"https:\/\/menyaracing.hu\/en\/#organization\"},\"alternateName\":\"Menya\",\"potentialAction\":[{\"@type\":\"SearchAction\",\"target\":{\"@type\":\"EntryPoint\",\"urlTemplate\":\"https:\/\/menyaracing.hu\/en\/?s={search_term_string}\"},\"query-input\":\"required name=search_term_string\"}],\"inLanguage\":\"en-US\"},{\"@type\":\"Organization\",\"@id\":\"https:\/\/menyaracing.hu\/en\/#organization\",\"name\":\"Kr\u00f3zser Menyh\u00e9rt\",\"url\":\"https:\/\/menyaracing.hu\/en\/\",\"logo\":{\"@type\":\"ImageObject\",\"inLanguage\":\"en-US\",\"@id\":\"https:\/\/menyaracing.hu\/en\/#\/schema\/logo\/image\/\",\"url\":\"https:\/\/menyaracing.hu\/wp-content\/uploads\/2024\/02\/kmlogo-626x626.jpg\",\"contentUrl\":\"https:\/\/menyaracing.hu\/wp-content\/uploads\/2024\/02\/kmlogo-626x626.jpg\",\"width\":626,\"height\":626,\"caption\":\"Kr\u00f3zser Menyh\u00e9rt\"},\"image\":{\"@id\":\"https:\/\/menyaracing.hu\/en\/#\/schema\/logo\/image\/\"},\"sameAs\":[\"https:\/\/www.facebook.com\/menyaracing\"]},{\"@type\":\"Person\",\"@id\":\"https:\/\/menyaracing.hu\/en\/#\/schema\/person\/261c87cb2afa0f8fe2c9c29c8ae709aa\",\"name\":\"tehgs\",\"image\":{\"@type\":\"ImageObject\",\"inLanguage\":\"en-US\",\"@id\":\"https:\/\/menyaracing.hu\/en\/#\/schema\/person\/image\/\",\"url\":\"https:\/\/secure.gravatar.com\/avatar\/80986aac9c6fdc711cbdbce1cc3bb89aad481522efc893b307dc09b5f3d5e2ad?s=96&d=mm&r=g\",\"contentUrl\":\"https:\/\/secure.gravatar.com\/avatar\/80986aac9c6fdc711cbdbce1cc3bb89aad481522efc893b307dc09b5f3d5e2ad?s=96&d=mm&r=g\",\"caption\":\"tehgs\"},\"sameAs\":[\"https:\/\/menyaracing.hu\"],\"url\":\"https:\/\/menyaracing.hu\/en\/author\/tehgs\/\"}]}<\/script>\n<!-- \/ Yoast SEO plugin. -->","yoast_head_json":{"title":"Menyh\u00e9rt Kr\u00f3zser shows pace in European Championship final","description":"Menyh\u00e9rt Kr\u00f3zser matched the pace of the KZ2 frontrunners in the opening round of the FIA Karting European Championship.","robots":{"index":"index","follow":"follow","max-snippet":"max-snippet:-1","max-image-preview":"max-image-preview:large","max-video-preview":"max-video-preview:-1"},"canonical":"https:\/\/menyaracing.hu\/en\/menyhert-krozser-shows-pace-in-european-championship-final\/","og_locale":"en_US","og_type":"article","og_title":"Menyh\u00e9rt Kr\u00f3zser shows pace in European Championship final","og_description":"Menyh\u00e9rt Kr\u00f3zser matched the pace of the KZ2 frontrunners in the opening round of the FIA Karting European Championship.","og_url":"https:\/\/menyaracing.hu\/en\/menyhert-krozser-shows-pace-in-european-championship-final\/","og_site_name":"Kr\u00f3zser Menyh\u00e9rt","article_publisher":"https:\/\/www.facebook.com\/menyaracing","article_published_time":"2025-05-23T03:08:57+00:00","og_image":[{"width":1019,"height":655,"url":"https:\/\/menyaracing.hu\/wp-content\/uploads\/2025\/05\/R3MP4128-masolat-1019x655.jpg","type":"image\/jpeg"}],"author":"tehgs","twitter_card":"summary_large_image","twitter_misc":{"Written by":"tehgs","Est. reading time":"4 minutes"},"schema":{"@context":"https:\/\/schema.org","@graph":[{"@type":"Article","@id":"https:\/\/menyaracing.hu\/en\/menyhert-krozser-shows-pace-in-european-championship-final\/#article","isPartOf":{"@id":"https:\/\/menyaracing.hu\/en\/menyhert-krozser-shows-pace-in-european-championship-final\/"},"author":{"name":"tehgs","@id":"https:\/\/menyaracing.hu\/en\/#\/schema\/person\/261c87cb2afa0f8fe2c9c29c8ae709aa"},"headline":"Menyh\u00e9rt Kr\u00f3zser shows pace in European Championship final","datePublished":"2025-05-23T03:08:57+00:00","dateModified":"2025-05-23T03:08:57+00:00","mainEntityOfPage":{"@id":"https:\/\/menyaracing.hu\/en\/menyhert-krozser-shows-pace-in-european-championship-final\/"},"wordCount":543,"commentCount":0,"publisher":{"@id":"https:\/\/menyaracing.hu\/en\/#organization"},"keywords":["FIA Karting World Championship","KZ2","Menyh\u00e9rt Kr\u00f3zser","MHH Racing Team","Valencia"],"articleSection":["News"],"inLanguage":"en-US","potentialAction":[{"@type":"CommentAction","name":"Comment","target":["https:\/\/menyaracing.hu\/en\/menyhert-krozser-shows-pace-in-european-championship-final\/#respond"]}]},{"@type":"WebPage","@id":"https:\/\/menyaracing.hu\/en\/menyhert-krozser-shows-pace-in-european-championship-final\/","url":"https:\/\/menyaracing.hu\/en\/menyhert-krozser-shows-pace-in-european-championship-final\/","name":"Menyh\u00e9rt Kr\u00f3zser shows pace in European Championship final","isPartOf":{"@id":"https:\/\/menyaracing.hu\/en\/#website"},"datePublished":"2025-05-23T03:08:57+00:00","dateModified":"2025-05-23T03:08:57+00:00","description":"Menyh\u00e9rt Kr\u00f3zser matched the pace of the KZ2 frontrunners in the opening round of the FIA Karting European Championship.","breadcrumb":{"@id":"https:\/\/menyaracing.hu\/en\/menyhert-krozser-shows-pace-in-european-championship-final\/#breadcrumb"},"inLanguage":"en-US","potentialAction":[{"@type":"ReadAction","target":["https:\/\/menyaracing.hu\/en\/menyhert-krozser-shows-pace-in-european-championship-final\/"]}]},{"@type":"BreadcrumbList","@id":"https:\/\/menyaracing.hu\/en\/menyhert-krozser-shows-pace-in-european-championship-final\/#breadcrumb","itemListElement":[{"@type":"ListItem","position":1,"name":"Kezd\u0151lap","item":"https:\/\/menyaracing.hu\/en\/"},{"@type":"ListItem","position":2,"name":"Menyh\u00e9rt Kr\u00f3zser shows pace in European Championship final"}]},{"@type":"WebSite","@id":"https:\/\/menyaracing.hu\/en\/#website","url":"https:\/\/menyaracing.hu\/en\/","name":"Kr\u00f3zser Menyh\u00e9rt","description":"Gokart versenyz\u0151","publisher":{"@id":"https:\/\/menyaracing.hu\/en\/#organization"},"alternateName":"Menya","potentialAction":[{"@type":"SearchAction","target":{"@type":"EntryPoint","urlTemplate":"https:\/\/menyaracing.hu\/en\/?s={search_term_string}"},"query-input":"required name=search_term_string"}],"inLanguage":"en-US"},{"@type":"Organization","@id":"https:\/\/menyaracing.hu\/en\/#organization","name":"Kr\u00f3zser Menyh\u00e9rt","url":"https:\/\/menyaracing.hu\/en\/","logo":{"@type":"ImageObject","inLanguage":"en-US","@id":"https:\/\/menyaracing.hu\/en\/#\/schema\/logo\/image\/","url":"https:\/\/menyaracing.hu\/wp-content\/uploads\/2024\/02\/kmlogo-626x626.jpg","contentUrl":"https:\/\/menyaracing.hu\/wp-content\/uploads\/2024\/02\/kmlogo-626x626.jpg","width":626,"height":626,"caption":"Kr\u00f3zser Menyh\u00e9rt"},"image":{"@id":"https:\/\/menyaracing.hu\/en\/#\/schema\/logo\/image\/"},"sameAs":["https:\/\/www.facebook.com\/menyaracing"]},{"@type":"Person","@id":"https:\/\/menyaracing.hu\/en\/#\/schema\/person\/261c87cb2afa0f8fe2c9c29c8ae709aa","name":"tehgs","image":{"@type":"ImageObject","inLanguage":"en-US","@id":"https:\/\/menyaracing.hu\/en\/#\/schema\/person\/image\/","url":"https:\/\/secure.gravatar.com\/avatar\/80986aac9c6fdc711cbdbce1cc3bb89aad481522efc893b307dc09b5f3d5e2ad?s=96&d=mm&r=g","contentUrl":"https:\/\/secure.gravatar.com\/avatar\/80986aac9c6fdc711cbdbce1cc3bb89aad481522efc893b307dc09b5f3d5e2ad?s=96&d=mm&r=g","caption":"tehgs"},"sameAs":["https:\/\/menyaracing.hu"],"url":"https:\/\/menyaracing.hu\/en\/author\/tehgs\/"}]}},"_links":{"self":[{"href":"https:\/\/menyaracing.hu\/en\/wp-json\/wp\/v2\/posts\/2818","targetHints":{"allow":["GET"]}}],"collection":[{"href":"https:\/\/menyaracing.hu\/en\/wp-json\/wp\/v2\/posts"}],"about":[{"href":"https:\/\/menyaracing.hu\/en\/wp-json\/wp\/v2\/types\/post"}],"author":[{"embeddable":true,"href":"https:\/\/menyaracing.hu\/en\/wp-json\/wp\/v2\/users\/1"}],"replies":[{"embeddable":true,"href":"https:\/\/menyaracing.hu\/en\/wp-json\/wp\/v2\/comments?post=2818"}],"version-history":[{"count":1,"href":"https:\/\/menyaracing.hu\/en\/wp-json\/wp\/v2\/posts\/2818\/revisions"}],"predecessor-version":[{"id":2819,"href":"https:\/\/menyaracing.hu\/en\/wp-json\/wp\/v2\/posts\/2818\/revisions\/2819"}],"wp:featuredmedia":[{"embeddable":true,"href":"https:\/\/menyaracing.hu\/en\/wp-json\/wp\/v2\/media\/2808"}],"wp:attachment":[{"href":"https:\/\/menyaracing.hu\/en\/wp-json\/wp\/v2\/media?parent=2818"}],"wp:term":[{"taxonomy":"category","embeddable":true,"href":"https:\/\/menyaracing.hu\/en\/wp-json\/wp\/v2\/categories?post=2818"},{"taxonomy":"post_tag","embeddable":true,"href":"https:\/\/menyaracing.hu\/en\/wp-json\/wp\/v2\/tags?post=2818"}],"curies":[{"name":"wp","href":"https:\/\/api.w.org\/{rel}","templated":true}]}}